{"id":432,"date":"2019-08-06T16:22:44","date_gmt":"2019-08-06T21:22:44","guid":{"rendered":"http:\/\/resuelvedev.wpengine.com\/es-co\/?p=432"},"modified":"2023-03-22T16:20:02","modified_gmt":"2023-03-22T22:20:02","slug":"quienes-declaran-renta","status":"publish","type":"post","link":"https:\/\/dev.resuelvetudeuda.com\/es-co\/blog\/administracion-financiera\/quienes-declaran-renta\/","title":{"rendered":"\u00bfQui\u00e9nes declaran Renta 2020?"},"content":{"rendered":"\n<p>En Colombia muchos contribuyentes son los llamados a realizar la <strong>Declaraci\u00f3n de Renta, <\/strong>sean residentes fiscales o no del pa\u00eds, por tal motivo es necesario explicar qu\u00e9 caracter\u00edsticas deben tener los llamados a cumplir con este deber ciudadano.<strong> <\/strong><\/p>\n\n\n\n<p>Desde agosto y hasta septiembre los colombianos tendr\u00e1n que presentar su <strong>Declaraci\u00f3n de Renta<\/strong> del 2018, a continuaci\u00f3n indicamos los puntos clave a tener en cuenta:&nbsp;<\/p>\n\n\n\n<p>La <strong>Declaraci\u00f3n de Renta<\/strong> para las <strong>personas naturales <\/strong>cada a\u00f1o incluye a m\u00e1s contribuyentes.&nbsp; Desde hace un tiempo el Gobierno modific\u00f3 su pol\u00edtica de vigilancia a los sujetos pasivos del <strong>impuesto,<\/strong> dando como resultado un aumento en este rubro en la fiscalizaci\u00f3n. Esto para establecer el d\u00e9ficit fiscal, que si bien se ha ido atacando sobre todo en el 2016 y 2018, a\u00fan no se ha podido estabilizar.&nbsp;<\/p>\n\n\n\n<p>Te recomendamos:<a href=\"https:\/\/resuelvetudeuda.com\/es-co\/blog\/productos-financieros\/tarjeta-de-credito-que-es-tipos\/\"> Tarjeta de cr\u00e9dito <\/a><\/p>\n\n\n\n<div style=\"height:20px\" aria-hidden=\"true\" class=\"wp-block-spacer\"><\/div>\n\n\n\n<figure class=\"wp-block-image size-full\"><a href=\"https:\/\/resuelvetudeuda.com\/es-co\/\"><img decoding=\"async\" width=\"600\" height=\"300\" src=\"https:\/\/dev.resuelvetudeuda.com\/es-co\/wp-content\/uploads\/sites\/6\/2023\/02\/banner_blog_esp23_productos_3-3.png\" alt=\"\" class=\"wp-image-11730\" srcset=\"https:\/\/dev.resuelvetudeuda.com\/es-co\/wp-content\/uploads\/sites\/6\/2023\/02\/banner_blog_esp23_productos_3-3.png 600w, https:\/\/dev.resuelvetudeuda.com\/es-co\/wp-content\/uploads\/sites\/6\/2023\/02\/banner_blog_esp23_productos_3-3-300x150.png 300w\" sizes=\"(max-width: 600px) 100vw, 600px\" \/><\/a><\/figure>\n\n\n\n<h2 class=\"wp-block-heading\">\u00bfQu\u00e9 implica la Declaraci\u00f3n de Renta?<\/h2>\n\n\n\n<div style=\"height:20px\" aria-hidden=\"true\" class=\"wp-block-spacer\"><\/div>\n\n\n\n<p>Dado lo anterior, el gobierno ahora est\u00e1 apuntando a recaudar <strong>impuestos<\/strong> principalmente a trav\u00e9s del <strong>impuesto sobre la Renta<\/strong> a nivel nacional ya que si aumenta los dem\u00e1s <strong>impuestos<\/strong> puede llegar a afectar el crecimiento econ\u00f3mico del pa\u00eds. <\/p>\n\n\n\n<p>En cambio si el mecanismo de recaudo lo orienta a un <strong>impuesto<\/strong> que grava la utilidad o la posesi\u00f3n de bienes no altera los indicadores econ\u00f3micos de manera directa).<\/p>\n\n\n\n<p>Tanto de las personas jur\u00eddicas, de las <strong>personas naturales<\/strong> y sucesiones il\u00edquidas, esto debido a dos factores principales que no se ven en otros <strong>impuestos<\/strong> en el pa\u00eds que son:&nbsp;<\/p>\n\n\n\n<div style=\"height:20px\" aria-hidden=\"true\" class=\"wp-block-spacer\"><\/div>\n\n\n\n<ol class=\"wp-block-list\"><li>La <strong>Declaraci\u00f3n de Renta<\/strong> de las personas naturales tienen grandes limitantes en las deducciones y depuraci\u00f3n.<\/li><li>La <strong>Declaraci\u00f3n de Renta<\/strong> de las personas naturales tiene una tarifa marginal (Es una tarifa que no es fija sino progresiva); la tarifa marginal es un c\u00e1lculo en el cual existe un porcentaje fijo en una tabla de valores, y se adicionan valores en <strong>UVT<\/strong>.&nbsp;<\/li><\/ol>\n\n\n\n<div style=\"height:20px\" aria-hidden=\"true\" class=\"wp-block-spacer\"><\/div>\n\n\n\n<h2 class=\"wp-block-heading\">\u00bfQuienes deben declarar renta 2020?<\/h2>\n\n\n\n<p>A\u00f1o tras a\u00f1o, el Ministerio de Hacienda del pa\u00eds emite un decreto donde reglamenta algunos art\u00edculos del Estatuto Tributario, especificando cu\u00e1les ser\u00e1n las condiciones para la declaraci\u00f3n de renta. Para el 2020, el <strong>Decreto 2345<\/strong> indica que todas las personas naturales residentes o no fiscales en Colombia, deber\u00e1n verificar si cumplen con alguno de los topes para estar <strong>obligados a presentar la Declaraci\u00f3n de Renta<\/strong>, estos son:<\/p>\n\n\n\n<ul class=\"wp-block-list\"><li>Patrimonio bruto igual o superior a $154\u2019215.000 (4.500 UVT).&nbsp;<\/li><li>Ingresos brutos iguales o superiores a $47\u2019978.000 (1.400 UVT).<\/li><li>Consumos con tarjetas de cr\u00e9dito iguales o superiores a $47\u2019978.000 (1.400 UVT).<\/li><li>Compras y consumos totales iguales o superiores a $47\u2019978.000 (1.400 UVT).<\/li><li>Consignaciones, dep\u00f3sitos o inversiones iguales o superiores a $47\u2019978.000 (1.400 UVT).<\/li><\/ul>\n\n\n\n<h2 class=\"wp-block-heading\">\u00bfQuienes declaran renta en Colombia?<\/h2>\n\n\n\n<p>En el Estatuto Tributario se explica que los contribuyentes personas naturales y sucesiones il\u00edquidas que no sean responsables del impuesto a las ventas, deben presentar su declaraci\u00f3n de renta siempre y cuando cumplan con los siguientes requisitos<\/p>\n\n\n\n<ul class=\"wp-block-list\"><li>Patrimonio bruto igual o superior a 4.500 UVT ($154\u2019215.000 en 2020).&nbsp;<\/li><li>Ingresos brutos iguales o superiores a 1.400 UVT ($47\u2019978.000 en 2020).<\/li><li>Consumos con tarjetas de cr\u00e9dito iguales o superiores a 1.400 UVT ($47\u2019978.000 en 2020).<\/li><li>Compras y consumos totales iguales o superiores a 1.400 UVT ($47\u2019978.000 en 2020).<\/li><li>Consignaciones, dep\u00f3sitos o inversiones iguales o superiores a 1.400 UVT ($47\u2019978.000 en 2020).<\/li><\/ul>\n\n\n\n<h2 class=\"wp-block-heading\">Fechas para pagar el impuesto sobre la renta 2020<\/h2>\n\n\n\n<p>Desde el 11 de agosto hasta el 21 de octubre de 2020 ser\u00e1n las fechas para realizar la <strong>Declaraci\u00f3n de Renta<\/strong> teniendo en cuenta los dos \u00faltimos d\u00edgitos del NIT. \u00a1Ojo! Si un contribuyente realiz\u00f3 la expedici\u00f3n del <strong>RUT<\/strong> antes de tener la c\u00e9dula de ciudadan\u00eda, tendr\u00e1 un n\u00famero de <strong>NIT<\/strong> diferente al n\u00famero de c\u00e9dula.&nbsp;<\/p>\n\n\n\n<div style=\"height:20px\" aria-hidden=\"true\" class=\"wp-block-spacer\"><\/div>\n\n\n\n<h2 class=\"wp-block-heading\">\u00bfQu\u00e9 aspectos debo tener en cuenta para hacer la Declaraci\u00f3n de Renta?<\/h2>\n\n\n\n<div style=\"height:20px\" aria-hidden=\"true\" class=\"wp-block-spacer\"><\/div>\n\n\n\n<p>Una vez la persona natural tenga la certeza de estar obligado a declarar renta deber\u00e1 verificar si cuenta con el <strong>Registro \u00danico Tributario (RUT)<\/strong> actualizado y con un email de contacto, Lo anterior pensando principalmente en contar con una cuenta en el sistema Muisca de la DIAN y as\u00ed realizar varios procesos:<\/p>\n\n\n\n<ul class=\"wp-block-list\"><li>Diligenciar el formulario a trav\u00e9s de la cuenta de usuario del contribuyente<\/li><li>Consultar los terceros que reportaron a la <strong>DIAN<\/strong> los movimientos con cada persona natural y descargarlo en Excel para validar. Esto sirve como gu\u00eda para estar un poco m\u00e1s en sincron\u00eda con lo que puede esperar la <strong>DIAN<\/strong> de la <strong>Declaraci\u00f3n de Renta<\/strong>.<\/li><li>Se puede llegar a solicitar incluso el mecanismo \u201cIFE\u201d (<strong>instrumento de firma electr\u00f3nica<\/strong>) el cual es gratuito y lo otorga directamente la <strong>DIAN<\/strong>.<\/li><li>En caso de que el contribuyente necesite hacer un pago parcial sobre el impuesto, desde esta cuenta puede generar las veces que necesite el recibo oficial de pago, <strong>formulario<\/strong> 490.<\/li><li>Se puede realizar el pago directamente desde la p\u00e1gina por PSE.<\/li><\/ul>\n\n\n\n<p>Te recomendamos: <a href=\"https:\/\/resuelvetudeuda.com\/es-co\/blog\/deudas\/tasas-de-compra-cartera\/\">Tasas compra de cartera<\/a><\/p>\n\n\n\n<div style=\"height:20px\" aria-hidden=\"true\" class=\"wp-block-spacer\"><\/div>\n\n\n\n<figure class=\"wp-block-image size-full\"><a href=\"https:\/\/resuelvetudeuda.com\/es-co\/\"><img decoding=\"async\" width=\"600\" height=\"300\" src=\"https:\/\/dev.resuelvetudeuda.com\/es-co\/wp-content\/uploads\/sites\/6\/2023\/02\/banner_blog_esp23_productos_2-2.png\" alt=\"\" class=\"wp-image-11731\" srcset=\"https:\/\/dev.resuelvetudeuda.com\/es-co\/wp-content\/uploads\/sites\/6\/2023\/02\/banner_blog_esp23_productos_2-2.png 600w, https:\/\/dev.resuelvetudeuda.com\/es-co\/wp-content\/uploads\/sites\/6\/2023\/02\/banner_blog_esp23_productos_2-2-300x150.png 300w\" sizes=\"(max-width: 600px) 100vw, 600px\" \/><\/a><\/figure>\n\n\n\n<h2 class=\"wp-block-heading\">Entonces, \u00bfc\u00f3mo declarar Renta?<\/h2>\n\n\n\n<div style=\"height:20px\" aria-hidden=\"true\" class=\"wp-block-spacer\"><\/div>\n\n\n\n<p>Una vez <strong>cuente con el RUT<\/strong>, el contribuyente deber\u00e1 recolectar todos los documentos para iniciar con su Declaraci\u00f3n de Renta, <strong>estos soportes los deber\u00e1 guardar<\/strong> en caso de una revisi\u00f3n y\/o auditor\u00eda por parte de la administraci\u00f3n tributaria.<\/p>\n\n\n\n<p>En el p\u00e1gina de la <strong>DIAN <\/strong>se encuentra un <a href=\"https:\/\/www.dian.gov.co\/impuestos\/personas\/Renta_Personas_Naturales_AG_2018\/Paginas\/default.aspx\" target=\"_blank\" rel=\"noreferrer nofollow noopener\" aria-label=\" (opens in a new tab)\">instructivo<\/a> para aquellas personas que decidan realizar la <strong>Declaraci\u00f3n de Renta<\/strong> por su cuenta; en las opciones \u201cayuda Renta\u201d y el \u201ch\u00e1galo usted mismo\u201d. Ambas opciones son totalmente gratuitas y desarrolladas directamente por la <strong>administraci\u00f3n tributaria<\/strong>. <\/p>\n\n\n\n<p>Sin embargo, pueden llegar a existir casos especiales en donde el contribuyente necesite acudir a un experto tributario para la elaboraci\u00f3n y el diligenciamiento de la <strong>Declaraci\u00f3n de Renta<\/strong>.<\/p>\n\n\n\n<p><strong>La persona natural<\/strong> deber\u00e1 validar qu\u00e9 <strong>formulario<\/strong> se debe diligenciar la <strong>Declaraci\u00f3n de Renta<\/strong>. Existen dos para las personas naturales, el 110 y el 210 (usualmente est\u00e1n obligadas a declarar por el <strong>formulario<\/strong> 210), pero cada contribuyente tiene caracter\u00edsticas fiscales muy espec\u00edficas, por lo que se recomienda validar en cu\u00e1l formulario se debe presentar la Declaraci\u00f3n de Renta antes de iniciar el diligenciamiento.<\/p>\n\n\n\n<p><\/p>\n\n\n\n<h2 class=\"wp-block-heading\">\u00bfQui\u00e9nes declaran renta en el 2019? <\/h2>\n\n\n\n<p>Si est\u00e1s buscando declarar la renta de 2019, si eres una persona natural y cumpliste con las siguientes condiciones, est\u00e1n obligadas a la Declaraci\u00f3n de Renta: <\/p>\n\n\n\n<ul class=\"wp-block-list\"><li>Patrimonio bruto superior a (4.500) Unidades de Valor Tributario (UVT), el equivalente en pesos colombianos ser\u00eda de $149, 202, 000. <br><\/li><li>Ingresos brutos superiores a (1.400) UVT, con un equivalente en pesos de $46.418.00. <br><\/li><li>Consumos mediante tarjeta de cr\u00e9dito iguales o superiores a (1.400) UVT. <br><\/li><li>Compra de consumos superiores a (1.400) UVT.  <\/li><\/ul>\n\n\n\n<p>As\u00ed que si cumples con esos requisitos de gasto, lo m\u00e1s probable es que debas declarar renta en este a\u00f1o y los siguientes, si es que tienes estos puntos. <\/p>\n\n\n\n<div style=\"height:20px\" aria-hidden=\"true\" class=\"wp-block-spacer\"><\/div>\n\n\n\n<h2 class=\"wp-block-heading\">\u00bfCu\u00e1les son las fechas para declarar Renta?<\/h2>\n\n\n\n<div style=\"height:20px\" aria-hidden=\"true\" class=\"wp-block-spacer\"><\/div>\n\n\n\n<p>Desde el 6 de agosto hasta el 17 de octubre de 2019 ser\u00e1n las fechas para realizar la <strong>Declaraci\u00f3n de Renta<\/strong> teniendo en cuenta los dos \u00faltimos d\u00edgitos del NIT. \u00a1Ojo! Si un contribuyente realiz\u00f3 la expedici\u00f3n del <strong>RUT<\/strong> antes de tener la c\u00e9dula de ciudadan\u00eda, tendr\u00e1 un n\u00famero de <strong>NIT<\/strong> diferente al n\u00famero de c\u00e9dula.&nbsp;<\/p>\n\n\n\n<p>Si la persona natural llegara a presentar la <strong>Declaraci\u00f3n de Renta<\/strong> fuera de las fechas, deber\u00e1 validar que <strong>sanci\u00f3n<\/strong> le aplica seg\u00fan el estatuto tributario, pero como informaci\u00f3n general la <strong>sanci\u00f3n m\u00ednima<\/strong> para el a\u00f1o 2019 es de $ 343.000.&nbsp;<\/p>\n\n\n\n<div style=\"height:20px\" aria-hidden=\"true\" class=\"wp-block-spacer\"><\/div>\n\n\n\n<p>Ahora que sabemos qui\u00e9nes declaran renta es importante que entre todos contribuyamos y realicemos a tiempo nuestra <strong>Declaraci\u00f3n de Renta<\/strong> para que cada d\u00eda nuestro pa\u00eds pueda crecer m\u00e1s y construir de la mano con el <strong>Estado.<\/strong><\/p>\n\n\n\n<p>Aportando con nuestro granito de arena una ayuda para las m\u00faltiples obras que realiza el <strong>Gobierno<\/strong> para nosotros los <strong>ciudadanos<\/strong> y al ser una obligaci\u00f3n anual debemos <strong>programarnos<\/strong> para evitar <strong>endeudarnos<\/strong> por algo que s\u00ed o s\u00ed debemos realizar.<\/p>\n\n\n\n<div style=\"height:20px\" aria-hidden=\"true\" class=\"wp-block-spacer\"><\/div>\n\n\n\n<h2 class=\"wp-block-heading\">\u00bfQu\u00e9 ventajas tiene declarar renta a tiempo?&nbsp;<\/h2>\n\n\n\n<p>Adem\u00e1s de cumplir y contribuir como ciudadanos para la construcci\u00f3n de un mejor pa\u00eds junto al estado, la principal ventaja es evitar las sanciones impuestas por evadir este compromiso. El Estatuto Tributario indica que la<strong> extemporaneidad <\/strong>en la presentaci\u00f3n y pago de este impuesto acarrea diferentes sanciones expuestas en los <strong>art\u00edculos 641 y 642<\/strong>,<strong> <\/strong>pero como informaci\u00f3n general la <strong>sanci\u00f3n m\u00ednima<\/strong> es de 10 UVT ($356.000 para el 2020).<\/p>\n\n\n\n<figure class=\"wp-block-image size-full\"><a href=\"https:\/\/resuelvetudeuda.com\/es-co\/\"><img decoding=\"async\" width=\"600\" height=\"300\" src=\"https:\/\/dev.resuelvetudeuda.com\/es-co\/wp-content\/uploads\/sites\/6\/2023\/02\/banner_blog_esp23_productos_1-2.png\" alt=\"\" class=\"wp-image-11733\" srcset=\"https:\/\/dev.resuelvetudeuda.com\/es-co\/wp-content\/uploads\/sites\/6\/2023\/02\/banner_blog_esp23_productos_1-2.png 600w, https:\/\/dev.resuelvetudeuda.com\/es-co\/wp-content\/uploads\/sites\/6\/2023\/02\/banner_blog_esp23_productos_1-2-300x150.png 300w\" sizes=\"(max-width: 600px) 100vw, 600px\" \/><\/a><\/figure>\n\n\n\n<h2 class=\"wp-block-heading\">Recomendaciones para tener una declaraci\u00f3n de renta exitosa&nbsp;<\/h2>\n\n\n\n<p>Despu\u00e9s de identificar que somos sujetos obligados a presentar y pagar la declaraci\u00f3n de renta hay diversas formas de proceder con la elaboraci\u00f3n de la misma, una de ellas es <strong>realizarla de manera personal<\/strong> (si no es la primera vez, es probable que se facilite m\u00e1s), incluso en internet podremos encontrar algunos \u201cpaso a paso\u201d; sin embargo muchas personas prefieren dejarlo en manos de expertos y <strong>contratar contadores<\/strong> con el fin de que les ayuden a hacer todo el proceso.&nbsp;<br>Independientemente de la forma de la cual vamos a proceder para la presentaci\u00f3n de la declaraci\u00f3n de renta, hay una clave para esto: <strong>presupuestar tiempo y dinero.<\/strong> Lo primero para lograr realizarlo <strong>dentro de las fechas estipuladas<\/strong> y evitar pagar dinero adicional en sanciones (que podr\u00edamos aprovechar de otra manera); y lo segundo, en caso de que tengamos que pagar este impuesto, <strong>incluirlo dentro del presupuesto de nuestro bolsillo<\/strong> y prevenir endeudarnos por una obligaci\u00f3n que tenemos y que no podemos eludir.&nbsp;<\/p>\n\n\n\n<p>Te recomendamos: <a href=\"https:\/\/resuelvetudeuda.com\/es-co\/blog\/productos-financieros\/resuelve-tu-deuda-es-confiable\/\">Resuelve tu Deuda es legal <\/a><\/p>\n","protected":false},"excerpt":{"rendered":"<p>En Colombia muchos contribuyentes son los llamados a realizar la Declaraci\u00f3n de Renta, sean residentes fiscales o no del pa\u00eds, por tal motivo es necesario explicar qu\u00e9 caracter\u00edsticas deben tener los llamados [&#8230;]<\/p>\n<p><a class=\"read-more\" href=\"https:\/\/dev.resuelvetudeuda.com\/es-co\/blog\/administracion-financiera\/quienes-declaran-renta\/\">Leer m\u00e1s<\/a><\/p>\n","protected":false},"author":38,"featured_media":433,"comment_status":"open","ping_status":"open","sticky":false,"template":"","format":"standard","meta":{"footnotes":""},"categories":[2],"tags":[32,289],"class_list":["post-432","post","type-post","status-publish","format-standard","has-post-thumbnail","hentry","category-administracion-financiera","tag-finanzas-personales","tag-impuesos"],"yoast_head":"<!-- This site is optimized with the Yoast SEO plugin v20.13 - https:\/\/yoast.com\/wordpress\/plugins\/seo\/ -->\n<title>Declaraci\u00f3n de renta 2020: \u00bfqu\u00e9 d\u00edas son? | Resuelve Tu Deuda Colombia Colombia<\/title>\n<meta name=\"description\" content=\"Como cada a\u00f1o la declaraci\u00f3n de renta es una obligaci\u00f3n de cada ciudadano. Pero \u00bfqui\u00e9nes declaran renta 2020? \u00a1Todo sobre la declaraci\u00f3n de renta 2020!\" \/>\n<meta name=\"robots\" content=\"index, follow, max-snippet:-1, max-image-preview:large, max-video-preview:-1\" \/>\n<link rel=\"canonical\" href=\"https:\/\/dev.resuelvetudeuda.com\/es-co\/blog\/administracion-financiera\/quienes-declaran-renta\/\" \/>\n<meta property=\"og:locale\" content=\"es_ES\" \/>\n<meta property=\"og:type\" content=\"article\" \/>\n<meta property=\"og:title\" content=\"Declaraci\u00f3n de renta 2020: \u00bfqu\u00e9 d\u00edas son? | Resuelve Tu Deuda Colombia Colombia\" \/>\n<meta property=\"og:description\" content=\"Como cada a\u00f1o la declaraci\u00f3n de renta es una obligaci\u00f3n de cada ciudadano. Pero \u00bfqui\u00e9nes declaran renta 2020? \u00a1Todo sobre la declaraci\u00f3n de renta 2020!\" \/>\n<meta property=\"og:url\" content=\"https:\/\/dev.resuelvetudeuda.com\/es-co\/blog\/administracion-financiera\/quienes-declaran-renta\/\" \/>\n<meta property=\"og:site_name\" content=\"Resuelve Tu Deuda Colombia\" \/>\n<meta property=\"article:publisher\" content=\"https:\/\/www.facebook.com\/ResuelveTuDeuda\" \/>\n<meta property=\"article:published_time\" content=\"2019-08-06T21:22:44+00:00\" \/>\n<meta property=\"article:modified_time\" content=\"2023-03-22T22:20:02+00:00\" \/>\n<meta property=\"og:image\" content=\"https:\/\/dev.resuelvetudeuda.com\/es-co\/wp-content\/uploads\/sites\/6\/2019\/08\/renta.png\" \/>\n\t<meta property=\"og:image:width\" content=\"1440\" \/>\n\t<meta property=\"og:image:height\" content=\"790\" \/>\n\t<meta property=\"og:image:type\" content=\"image\/png\" \/>\n<meta name=\"author\" content=\"Yeisson Eduardo Torres\" \/>\n<meta name=\"twitter:card\" content=\"summary_large_image\" \/>\n<meta name=\"twitter:creator\" content=\"@resuelvetudeuda\" \/>\n<meta name=\"twitter:site\" content=\"@resuelvetudeuda\" \/>\n<meta name=\"twitter:label1\" content=\"Escrito por\" \/>\n\t<meta name=\"twitter:data1\" content=\"Yeisson Eduardo Torres\" \/>\n\t<meta name=\"twitter:label2\" content=\"Tiempo estimado de lectura\" \/>\n\t<meta name=\"twitter:data2\" content=\"8 minutos\" \/>\n<script type=\"application\/ld+json\" class=\"yoast-schema-graph\">{\"@context\":\"https:\/\/schema.org\",\"@graph\":[{\"@type\":\"Article\",\"@id\":\"https:\/\/dev.resuelvetudeuda.com\/es-co\/blog\/administracion-financiera\/quienes-declaran-renta\/#article\",\"isPartOf\":{\"@id\":\"https:\/\/dev.resuelvetudeuda.com\/es-co\/blog\/administracion-financiera\/quienes-declaran-renta\/\"},\"author\":{\"name\":\"Yeisson Eduardo Torres\",\"@id\":\"https:\/\/dev.resuelvetudeuda.com\/es-co\/#\/schema\/person\/6080b5d28ead36554f0489ab818a3909\"},\"headline\":\"\u00bfQui\u00e9nes declaran Renta 2020?\",\"datePublished\":\"2019-08-06T21:22:44+00:00\",\"dateModified\":\"2023-03-22T22:20:02+00:00\",\"mainEntityOfPage\":{\"@id\":\"https:\/\/dev.resuelvetudeuda.com\/es-co\/blog\/administracion-financiera\/quienes-declaran-renta\/\"},\"wordCount\":1591,\"commentCount\":0,\"publisher\":{\"@id\":\"https:\/\/dev.resuelvetudeuda.com\/es-co\/#organization\"},\"keywords\":[\"Finanzas personales\",\"impuesos\"],\"articleSection\":[\"Administraci\u00f3n financiera\"],\"inLanguage\":\"es-CO\",\"potentialAction\":[{\"@type\":\"CommentAction\",\"name\":\"Comment\",\"target\":[\"https:\/\/dev.resuelvetudeuda.com\/es-co\/blog\/administracion-financiera\/quienes-declaran-renta\/#respond\"]}]},{\"@type\":\"WebPage\",\"@id\":\"https:\/\/dev.resuelvetudeuda.com\/es-co\/blog\/administracion-financiera\/quienes-declaran-renta\/\",\"url\":\"https:\/\/dev.resuelvetudeuda.com\/es-co\/blog\/administracion-financiera\/quienes-declaran-renta\/\",\"name\":\"Declaraci\u00f3n de renta 2020: \u00bfqu\u00e9 d\u00edas son? | Resuelve Tu Deuda Colombia Colombia\",\"isPartOf\":{\"@id\":\"https:\/\/dev.resuelvetudeuda.com\/es-co\/#website\"},\"datePublished\":\"2019-08-06T21:22:44+00:00\",\"dateModified\":\"2023-03-22T22:20:02+00:00\",\"description\":\"Como cada a\u00f1o la declaraci\u00f3n de renta es una obligaci\u00f3n de cada ciudadano. Pero \u00bfqui\u00e9nes declaran renta 2020? \u00a1Todo sobre la declaraci\u00f3n de renta 2020!\",\"breadcrumb\":{\"@id\":\"https:\/\/dev.resuelvetudeuda.com\/es-co\/blog\/administracion-financiera\/quienes-declaran-renta\/#breadcrumb\"},\"inLanguage\":\"es-CO\",\"potentialAction\":[{\"@type\":\"ReadAction\",\"target\":[\"https:\/\/dev.resuelvetudeuda.com\/es-co\/blog\/administracion-financiera\/quienes-declaran-renta\/\"]}]},{\"@type\":\"BreadcrumbList\",\"@id\":\"https:\/\/dev.resuelvetudeuda.com\/es-co\/blog\/administracion-financiera\/quienes-declaran-renta\/#breadcrumb\",\"itemListElement\":[{\"@type\":\"ListItem\",\"position\":1,\"name\":\"Inicio\",\"item\":\"https:\/\/dev.resuelvetudeuda.com\/es-co\/\"},{\"@type\":\"ListItem\",\"position\":2,\"name\":\"Administraci\u00f3n financiera\",\"item\":\"https:\/\/dev.resuelvetudeuda.com\/es-co\/blog\/category\/administracion-financiera\/\"},{\"@type\":\"ListItem\",\"position\":3,\"name\":\"\u00bfQui\u00e9nes declaran Renta 2020?\"}]},{\"@type\":\"WebSite\",\"@id\":\"https:\/\/dev.resuelvetudeuda.com\/es-co\/#website\",\"url\":\"https:\/\/dev.resuelvetudeuda.com\/es-co\/\",\"name\":\"Resuelve Tu Deuda Colombia\",\"description\":\"Somos la reparadora de cr\u00e9dito con m\u00e1s experiencia en Am\u00e9rica Latina.\",\"publisher\":{\"@id\":\"https:\/\/dev.resuelvetudeuda.com\/es-co\/#organization\"},\"potentialAction\":[{\"@type\":\"SearchAction\",\"target\":{\"@type\":\"EntryPoint\",\"urlTemplate\":\"https:\/\/dev.resuelvetudeuda.com\/es-co\/?s={search_term_string}\"},\"query-input\":\"required name=search_term_string\"}],\"inLanguage\":\"es-CO\"},{\"@type\":\"Organization\",\"@id\":\"https:\/\/dev.resuelvetudeuda.com\/es-co\/#organization\",\"name\":\"Resuelve tu Deuda\",\"url\":\"https:\/\/dev.resuelvetudeuda.com\/es-co\/\",\"logo\":{\"@type\":\"ImageObject\",\"inLanguage\":\"es-CO\",\"@id\":\"https:\/\/dev.resuelvetudeuda.com\/es-co\/#\/schema\/logo\/image\/\",\"url\":\"https:\/\/dev.resuelvetudeuda.com\/es-co\/wp-content\/uploads\/sites\/6\/2021\/04\/logoRTD.png\",\"contentUrl\":\"https:\/\/dev.resuelvetudeuda.com\/es-co\/wp-content\/uploads\/sites\/6\/2021\/04\/logoRTD.png\",\"width\":192,\"height\":192,\"caption\":\"Resuelve tu Deuda\"},\"image\":{\"@id\":\"https:\/\/dev.resuelvetudeuda.com\/es-co\/#\/schema\/logo\/image\/\"},\"sameAs\":[\"https:\/\/www.facebook.com\/ResuelveTuDeuda\",\"https:\/\/twitter.com\/resuelvetudeuda\",\"https:\/\/www.instagram.com\/resuelvetudeuda\",\"https:\/\/www.linkedin.com\/company\/resuelve-global\/\"]},{\"@type\":\"Person\",\"@id\":\"https:\/\/dev.resuelvetudeuda.com\/es-co\/#\/schema\/person\/6080b5d28ead36554f0489ab818a3909\",\"name\":\"Yeisson Eduardo Torres\",\"image\":{\"@type\":\"ImageObject\",\"inLanguage\":\"es-CO\",\"@id\":\"https:\/\/dev.resuelvetudeuda.com\/es-co\/#\/schema\/person\/image\/\",\"url\":\"https:\/\/secure.gravatar.com\/avatar\/492f7137240959bc9ee7514537ad216dcf4e4345f8bcf5e2f241f565e3ad3754?s=96&d=mm&r=g\",\"contentUrl\":\"https:\/\/secure.gravatar.com\/avatar\/492f7137240959bc9ee7514537ad216dcf4e4345f8bcf5e2f241f565e3ad3754?s=96&d=mm&r=g\",\"caption\":\"Yeisson Eduardo Torres\"},\"url\":\"https:\/\/dev.resuelvetudeuda.com\/es-co\/blog\/author\/yeissont\/\"}]}<\/script>\n<!-- \/ Yoast SEO plugin. -->","yoast_head_json":{"title":"Declaraci\u00f3n de renta 2020: \u00bfqu\u00e9 d\u00edas son? | Resuelve Tu Deuda Colombia Colombia","description":"Como cada a\u00f1o la declaraci\u00f3n de renta es una obligaci\u00f3n de cada ciudadano. Pero \u00bfqui\u00e9nes declaran renta 2020? \u00a1Todo sobre la declaraci\u00f3n de renta 2020!","robots":{"index":"index","follow":"follow","max-snippet":"max-snippet:-1","max-image-preview":"max-image-preview:large","max-video-preview":"max-video-preview:-1"},"canonical":"https:\/\/dev.resuelvetudeuda.com\/es-co\/blog\/administracion-financiera\/quienes-declaran-renta\/","og_locale":"es_ES","og_type":"article","og_title":"Declaraci\u00f3n de renta 2020: \u00bfqu\u00e9 d\u00edas son? | Resuelve Tu Deuda Colombia Colombia","og_description":"Como cada a\u00f1o la declaraci\u00f3n de renta es una obligaci\u00f3n de cada ciudadano. Pero \u00bfqui\u00e9nes declaran renta 2020? \u00a1Todo sobre la declaraci\u00f3n de renta 2020!","og_url":"https:\/\/dev.resuelvetudeuda.com\/es-co\/blog\/administracion-financiera\/quienes-declaran-renta\/","og_site_name":"Resuelve Tu Deuda Colombia","article_publisher":"https:\/\/www.facebook.com\/ResuelveTuDeuda","article_published_time":"2019-08-06T21:22:44+00:00","article_modified_time":"2023-03-22T22:20:02+00:00","og_image":[{"width":1440,"height":790,"url":"https:\/\/dev.resuelvetudeuda.com\/es-co\/wp-content\/uploads\/sites\/6\/2019\/08\/renta.png","type":"image\/png"}],"author":"Yeisson Eduardo Torres","twitter_card":"summary_large_image","twitter_creator":"@resuelvetudeuda","twitter_site":"@resuelvetudeuda","twitter_misc":{"Escrito por":"Yeisson Eduardo Torres","Tiempo estimado de lectura":"8 minutos"},"schema":{"@context":"https:\/\/schema.org","@graph":[{"@type":"Article","@id":"https:\/\/dev.resuelvetudeuda.com\/es-co\/blog\/administracion-financiera\/quienes-declaran-renta\/#article","isPartOf":{"@id":"https:\/\/dev.resuelvetudeuda.com\/es-co\/blog\/administracion-financiera\/quienes-declaran-renta\/"},"author":{"name":"Yeisson Eduardo Torres","@id":"https:\/\/dev.resuelvetudeuda.com\/es-co\/#\/schema\/person\/6080b5d28ead36554f0489ab818a3909"},"headline":"\u00bfQui\u00e9nes declaran Renta 2020?","datePublished":"2019-08-06T21:22:44+00:00","dateModified":"2023-03-22T22:20:02+00:00","mainEntityOfPage":{"@id":"https:\/\/dev.resuelvetudeuda.com\/es-co\/blog\/administracion-financiera\/quienes-declaran-renta\/"},"wordCount":1591,"commentCount":0,"publisher":{"@id":"https:\/\/dev.resuelvetudeuda.com\/es-co\/#organization"},"keywords":["Finanzas personales","impuesos"],"articleSection":["Administraci\u00f3n financiera"],"inLanguage":"es-CO","potentialAction":[{"@type":"CommentAction","name":"Comment","target":["https:\/\/dev.resuelvetudeuda.com\/es-co\/blog\/administracion-financiera\/quienes-declaran-renta\/#respond"]}]},{"@type":"WebPage","@id":"https:\/\/dev.resuelvetudeuda.com\/es-co\/blog\/administracion-financiera\/quienes-declaran-renta\/","url":"https:\/\/dev.resuelvetudeuda.com\/es-co\/blog\/administracion-financiera\/quienes-declaran-renta\/","name":"Declaraci\u00f3n de renta 2020: \u00bfqu\u00e9 d\u00edas son? | Resuelve Tu Deuda Colombia Colombia","isPartOf":{"@id":"https:\/\/dev.resuelvetudeuda.com\/es-co\/#website"},"datePublished":"2019-08-06T21:22:44+00:00","dateModified":"2023-03-22T22:20:02+00:00","description":"Como cada a\u00f1o la declaraci\u00f3n de renta es una obligaci\u00f3n de cada ciudadano. Pero \u00bfqui\u00e9nes declaran renta 2020? \u00a1Todo sobre la declaraci\u00f3n de renta 2020!","breadcrumb":{"@id":"https:\/\/dev.resuelvetudeuda.com\/es-co\/blog\/administracion-financiera\/quienes-declaran-renta\/#breadcrumb"},"inLanguage":"es-CO","potentialAction":[{"@type":"ReadAction","target":["https:\/\/dev.resuelvetudeuda.com\/es-co\/blog\/administracion-financiera\/quienes-declaran-renta\/"]}]},{"@type":"BreadcrumbList","@id":"https:\/\/dev.resuelvetudeuda.com\/es-co\/blog\/administracion-financiera\/quienes-declaran-renta\/#breadcrumb","itemListElement":[{"@type":"ListItem","position":1,"name":"Inicio","item":"https:\/\/dev.resuelvetudeuda.com\/es-co\/"},{"@type":"ListItem","position":2,"name":"Administraci\u00f3n financiera","item":"https:\/\/dev.resuelvetudeuda.com\/es-co\/blog\/category\/administracion-financiera\/"},{"@type":"ListItem","position":3,"name":"\u00bfQui\u00e9nes declaran Renta 2020?"}]},{"@type":"WebSite","@id":"https:\/\/dev.resuelvetudeuda.com\/es-co\/#website","url":"https:\/\/dev.resuelvetudeuda.com\/es-co\/","name":"Resuelve Tu Deuda Colombia","description":"Somos la reparadora de cr\u00e9dito con m\u00e1s experiencia en Am\u00e9rica Latina.","publisher":{"@id":"https:\/\/dev.resuelvetudeuda.com\/es-co\/#organization"},"potentialAction":[{"@type":"SearchAction","target":{"@type":"EntryPoint","urlTemplate":"https:\/\/dev.resuelvetudeuda.com\/es-co\/?s={search_term_string}"},"query-input":"required name=search_term_string"}],"inLanguage":"es-CO"},{"@type":"Organization","@id":"https:\/\/dev.resuelvetudeuda.com\/es-co\/#organization","name":"Resuelve tu Deuda","url":"https:\/\/dev.resuelvetudeuda.com\/es-co\/","logo":{"@type":"ImageObject","inLanguage":"es-CO","@id":"https:\/\/dev.resuelvetudeuda.com\/es-co\/#\/schema\/logo\/image\/","url":"https:\/\/dev.resuelvetudeuda.com\/es-co\/wp-content\/uploads\/sites\/6\/2021\/04\/logoRTD.png","contentUrl":"https:\/\/dev.resuelvetudeuda.com\/es-co\/wp-content\/uploads\/sites\/6\/2021\/04\/logoRTD.png","width":192,"height":192,"caption":"Resuelve tu Deuda"},"image":{"@id":"https:\/\/dev.resuelvetudeuda.com\/es-co\/#\/schema\/logo\/image\/"},"sameAs":["https:\/\/www.facebook.com\/ResuelveTuDeuda","https:\/\/twitter.com\/resuelvetudeuda","https:\/\/www.instagram.com\/resuelvetudeuda","https:\/\/www.linkedin.com\/company\/resuelve-global\/"]},{"@type":"Person","@id":"https:\/\/dev.resuelvetudeuda.com\/es-co\/#\/schema\/person\/6080b5d28ead36554f0489ab818a3909","name":"Yeisson Eduardo Torres","image":{"@type":"ImageObject","inLanguage":"es-CO","@id":"https:\/\/dev.resuelvetudeuda.com\/es-co\/#\/schema\/person\/image\/","url":"https:\/\/secure.gravatar.com\/avatar\/492f7137240959bc9ee7514537ad216dcf4e4345f8bcf5e2f241f565e3ad3754?s=96&d=mm&r=g","contentUrl":"https:\/\/secure.gravatar.com\/avatar\/492f7137240959bc9ee7514537ad216dcf4e4345f8bcf5e2f241f565e3ad3754?s=96&d=mm&r=g","caption":"Yeisson Eduardo Torres"},"url":"https:\/\/dev.resuelvetudeuda.com\/es-co\/blog\/author\/yeissont\/"}]}},"_links":{"self":[{"href":"https:\/\/dev.resuelvetudeuda.com\/es-co\/wp-json\/wp\/v2\/posts\/432","targetHints":{"allow":["GET"]}}],"collection":[{"href":"https:\/\/dev.resuelvetudeuda.com\/es-co\/wp-json\/wp\/v2\/posts"}],"about":[{"href":"https:\/\/dev.resuelvetudeuda.com\/es-co\/wp-json\/wp\/v2\/types\/post"}],"author":[{"embeddable":true,"href":"https:\/\/dev.resuelvetudeuda.com\/es-co\/wp-json\/wp\/v2\/users\/38"}],"replies":[{"embeddable":true,"href":"https:\/\/dev.resuelvetudeuda.com\/es-co\/wp-json\/wp\/v2\/comments?post=432"}],"version-history":[{"count":0,"href":"https:\/\/dev.resuelvetudeuda.com\/es-co\/wp-json\/wp\/v2\/posts\/432\/revisions"}],"wp:featuredmedia":[{"embeddable":true,"href":"https:\/\/dev.resuelvetudeuda.com\/es-co\/wp-json\/wp\/v2\/media\/433"}],"wp:attachment":[{"href":"https:\/\/dev.resuelvetudeuda.com\/es-co\/wp-json\/wp\/v2\/media?parent=432"}],"wp:term":[{"taxonomy":"category","embeddable":true,"href":"https:\/\/dev.resuelvetudeuda.com\/es-co\/wp-json\/wp\/v2\/categories?post=432"},{"taxonomy":"post_tag","embeddable":true,"href":"https:\/\/dev.resuelvetudeuda.com\/es-co\/wp-json\/wp\/v2\/tags?post=432"}],"curies":[{"name":"wp","href":"https:\/\/api.w.org\/{rel}","templated":true}]}}